{"id":22403,"date":"2023-08-16T14:06:04","date_gmt":"2023-08-16T14:06:04","guid":{"rendered":"https:\/\/torrumbrellas.com\/pt\/?p=22403"},"modified":"2023-10-24T10:51:22","modified_gmt":"2023-10-24T10:51:22","slug":"torr-comercial-parasol","status":"publish","type":"post","link":"https:\/\/torrumbrellas.com\/pt\/blog\/torr-comercial-parasol\/","title":{"rendered":"Maximizando o conforto ao ar livre com o guarda-sol comercial TORR"},"content":{"rendered":"<p>Descubra um novo reino de conforto e prote\u00e7\u00e3o ao ar livre com o <strong>Guarda-Sol Comercial TORR<\/strong>. Criado para atender \u00e0s demandas de diversos setores, este impressionante guarda-sol \u00e9 o complemento perfeito para o seu espa\u00e7o comercial ao ar livre.<\/p>\n<p>Projetado para resistir aos elementos, o TORR \u00e9 uma excelente escolha para \u00e1reas maiores e expostas, tais como locais costeiros e terra\u00e7os. Com sua estrutura robusta e materiais de qualidade mar\u00edtima, garante um desempenho duradouro. O <u>sistema de tens\u00e3o autom\u00e1tica garante uma cobertura esticada\u00a0 <\/u>, prolongando a sua vida \u00fatil.<\/p>\n<p>O que diferencia o TORR \u00e9 a sua adaptabilidade. Desde a ilumina\u00e7\u00e3o LED integrada at\u00e9 aos sistemas de aquecimento eficientes, este guarda-sol proporciona conforto total aos seus clientes. Com uma variedade de op\u00e7\u00f5es de personaliza\u00e7\u00e3o, incluindo diferentes estilos de sanefas, poder\u00e1 adaptar o TORR de forma a combinar com a est\u00e9tica da sua marca.<\/p>\n<p>Eleve o seu espa\u00e7o comercial com o Guarda-Sol Comercial TORR e proporcione aos seus convidados uma experi\u00eancia confort\u00e1vel e agrad\u00e1vel ao ar livre, fa\u00e7a chuva ou fa\u00e7a sol.<\/p>\n","protected":false},"excerpt":{"rendered":"<p>Descubra um novo reino de conforto e prote\u00e7\u00e3o ao ar livre com o Guarda-Sol Comercial TORR. Criado para atender \u00e0s demandas de diversos setores, este impressionante guarda-sol \u00e9 o complemento&hellip;<\/p>\n","protected":false},"author":1,"featured_media":22149,"comment_status":"open","ping_status":"open","sticky":false,"template":"elementor_header_footer","format":"standard","meta":{"footnotes":""},"categories":[182],"tags":[],"class_list":["post-22403","post","type-post","status-publish","format-standard","has-post-thumbnail","hentry","category-blog"],"acf":[],"_links":{"self":[{"href":"https:\/\/torrumbrellas.com\/pt\/wp-json\/wp\/v2\/posts\/22403","targetHints":{"allow":["GET"]}}],"collection":[{"href":"https:\/\/torrumbrellas.com\/pt\/wp-json\/wp\/v2\/posts"}],"about":[{"href":"https:\/\/torrumbrellas.com\/pt\/wp-json\/wp\/v2\/types\/post"}],"author":[{"embeddable":true,"href":"https:\/\/torrumbrellas.com\/pt\/wp-json\/wp\/v2\/users\/1"}],"replies":[{"embeddable":true,"href":"https:\/\/torrumbrellas.com\/pt\/wp-json\/wp\/v2\/comments?post=22403"}],"version-history":[{"count":6,"href":"https:\/\/torrumbrellas.com\/pt\/wp-json\/wp\/v2\/posts\/22403\/revisions"}],"predecessor-version":[{"id":23237,"href":"https:\/\/torrumbrellas.com\/pt\/wp-json\/wp\/v2\/posts\/22403\/revisions\/23237"}],"wp:featuredmedia":[{"embeddable":true,"href":"https:\/\/torrumbrellas.com\/pt\/wp-json\/wp\/v2\/media\/22149"}],"wp:attachment":[{"href":"https:\/\/torrumbrellas.com\/pt\/wp-json\/wp\/v2\/media?parent=22403"}],"wp:term":[{"taxonomy":"category","embeddable":true,"href":"https:\/\/torrumbrellas.com\/pt\/wp-json\/wp\/v2\/categories?post=22403"},{"taxonomy":"post_tag","embeddable":true,"href":"https:\/\/torrumbrellas.com\/pt\/wp-json\/wp\/v2\/tags?post=22403"}],"curies":[{"name":"wp","href":"https:\/\/api.w.org\/{rel}","templated":true}]}}